{"id":6886,"date":"2026-05-18T14:09:44","date_gmt":"2026-05-18T11:09:44","guid":{"rendered":"https:\/\/koruncuk.org\/?p=6886"},"modified":"2026-05-18T14:09:45","modified_gmt":"2026-05-18T11:09:45","slug":"tide-16-ic-denetim-farkindalik-odullerinde-koruncuk-vakfina-anlamli-odul","status":"publish","type":"post","link":"https:\/\/koruncuk.org\/en\/tide-16-ic-denetim-farkindalik-odullerinde-koruncuk-vakfina-anlamli-odul\/","title":{"rendered":"T\u0130DE 16. \u0130\u00e7 Denetim Fark\u0131ndal\u0131k \u00d6d\u00fclleri\u2019nde Koruncuk Vakf\u0131\u2019na Anlaml\u0131 \u00d6d\u00fcl"},"content":{"rendered":"<p class=\"wp-block-paragraph\">Koruncuk Vakf\u0131 olarak, k\u0131z \u00e7ocuklar\u0131n\u0131 destekledi\u011fimiz her alan\u0131n \u015feffaf, g\u00fcvenilir ve s\u00fcrd\u00fcr\u00fclebilir bir anlay\u0131\u015fla \u015fekillenmesine b\u00fcy\u00fck \u00f6nem veriyoruz.<\/p>\n\n\n\n<p class=\"wp-block-paragraph\">T\u00fcrkiye \u0130\u00e7 Denetim Enstit\u00fcs\u00fc taraf\u0131ndan bu y\u0131l 16\u2019nc\u0131s\u0131 d\u00fczenlenen T\u0130DE \u0130\u00e7 Denetim Fark\u0131ndal\u0131k \u00d6d\u00fclleri\u2019nde Vakf\u0131m\u0131z, \u201cToplumsal Fark\u0131ndal\u0131k\/Sosyal Sorumluluk Fark\u0131ndal\u0131k\u201d kategorisinde \u00f6d\u00fcle lay\u0131k g\u00f6r\u00fcld\u00fc. \u0130yili\u011fi ve dayan\u0131\u015fmay\u0131 s\u00fcrd\u00fcr\u00fclebilir k\u0131lmak ad\u0131na att\u0131\u011f\u0131m\u0131z ad\u0131mlar\u0131n b\u00f6ylesine de\u011ferli bir platformda kar\u015f\u0131l\u0131k bulmas\u0131ndan b\u00fcy\u00fck mutluluk duyuyoruz.<\/p>\n\n\n\n<p class=\"wp-block-paragraph\"><\/p>","protected":false},"excerpt":{"rendered":"<p>Koruncuk Vakf\u0131 olarak, k\u0131z \u00e7ocuklar\u0131n\u0131 destekledi\u011fimiz her alan\u0131n \u015feffaf, g\u00fcvenilir ve s\u00fcrd\u00fcr\u00fclebilir bir anlay\u0131\u015fla \u015fekillenmesine b\u00fcy\u00fck \u00f6nem veriyoruz. T\u00fcrkiye \u0130\u00e7 Denetim Enstit\u00fcs\u00fc taraf\u0131ndan bu y\u0131l 16\u2019nc\u0131s\u0131 d\u00fczenlenen T\u0130DE \u0130\u00e7 Denetim Fark\u0131ndal\u0131k \u00d6d\u00fclleri\u2019nde Vakf\u0131m\u0131z, \u201cToplumsal Fark\u0131ndal\u0131k\/Sosyal Sorumluluk Fark\u0131ndal\u0131k\u201d kategorisinde \u00f6d\u00fcle lay\u0131k g\u00f6r\u00fcld\u00fc. \u0130yili\u011fi ve dayan\u0131\u015fmay\u0131 s\u00fcrd\u00fcr\u00fclebilir k\u0131lmak ad\u0131na att\u0131\u011f\u0131m\u0131z ad\u0131mlar\u0131n b\u00f6ylesine de\u011ferli bir platformda kar\u015f\u0131l\u0131k bulmas\u0131ndan [&hellip;]<\/p>\n","protected":false},"author":2,"featured_media":6887,"comment_status":"closed","ping_status":"closed","sticky":false,"template":"","format":"standard","meta":{"footnotes":""},"categories":[1,46],"tags":[],"class_list":["post-6886","post","type-post","status-publish","format-standard","has-post-thumbnail","hentry","category-bizden-haberler","category-mansetler"],"_links":{"self":[{"href":"https:\/\/koruncuk.org\/en\/wp-json\/wp\/v2\/posts\/6886","targetHints":{"allow":["GET"]}}],"collection":[{"href":"https:\/\/koruncuk.org\/en\/wp-json\/wp\/v2\/posts"}],"about":[{"href":"https:\/\/koruncuk.org\/en\/wp-json\/wp\/v2\/types\/post"}],"author":[{"embeddable":true,"href":"https:\/\/koruncuk.org\/en\/wp-json\/wp\/v2\/users\/2"}],"replies":[{"embeddable":true,"href":"https:\/\/koruncuk.org\/en\/wp-json\/wp\/v2\/comments?post=6886"}],"version-history":[{"count":1,"href":"https:\/\/koruncuk.org\/en\/wp-json\/wp\/v2\/posts\/6886\/revisions"}],"predecessor-version":[{"id":6888,"href":"https:\/\/koruncuk.org\/en\/wp-json\/wp\/v2\/posts\/6886\/revisions\/6888"}],"wp:featuredmedia":[{"embeddable":true,"href":"https:\/\/koruncuk.org\/en\/wp-json\/wp\/v2\/media\/6887"}],"wp:attachment":[{"href":"https:\/\/koruncuk.org\/en\/wp-json\/wp\/v2\/media?parent=6886"}],"wp:term":[{"taxonomy":"category","embeddable":true,"href":"https:\/\/koruncuk.org\/en\/wp-json\/wp\/v2\/categories?post=6886"},{"taxonomy":"post_tag","embeddable":true,"href":"https:\/\/koruncuk.org\/en\/wp-json\/wp\/v2\/tags?post=6886"}],"curies":[{"name":"wp","href":"https:\/\/api.w.org\/{rel}","templated":true}]}}