{"id":6966,"date":"2026-06-10T17:07:02","date_gmt":"2026-06-10T14:07:02","guid":{"rendered":"https:\/\/koruncuk.org\/?p=6966"},"modified":"2026-06-10T17:39:26","modified_gmt":"2026-06-10T14:39:26","slug":"koruncuk-vakfi-ve-allianz-is-birligiyle-hayata-gecen-yeni-yurt-binasinin-acilisi-gerceklesti","status":"publish","type":"post","link":"https:\/\/koruncuk.org\/en\/koruncuk-vakfi-ve-allianz-is-birligiyle-hayata-gecen-yeni-yurt-binasinin-acilisi-gerceklesti\/","title":{"rendered":"Koruncuk Vakf\u0131 ve Allianz \u0130\u015f Birli\u011fiyle Hayata Ge\u00e7en Yeni Yurt Binas\u0131&#8217;n\u0131n A\u00e7\u0131l\u0131\u015f\u0131 Ger\u00e7ekle\u015fti"},"content":{"rendered":"<p class=\"wp-block-paragraph\">Koruncuk Vakf\u0131&#8217;n\u0131n, e\u011fitim eri\u015fimi risk alt\u0131ndaki k\u0131z \u00e7ocuklar\u0131na kal\u0131c\u0131 ve g\u00fcvenli bir yuva sa\u011flamak amac\u0131yla Allianz T\u00fcrkiye i\u015f birli\u011fiyle ba\u015flatt\u0131\u011f\u0131 &#8220;Bir K\u0131z Gelecek&#8221; program\u0131nda tarihi bir ad\u0131ma imza at\u0131ld\u0131. Yap\u0131m\u0131 13 ay gibi k\u0131sa bir s\u00fcrede tamamlanan yeni k\u0131z \u00f6\u011frenci yurdu binas\u0131, 9 Haziran 2026 tarihinde Koruncukk\u00f6y Bolluca\u2019da d\u00fczenlenen t\u00f6renle a\u00e7\u0131ld\u0131. T\u00f6rene; Arnavutk\u00f6y Kaymakam\u0131 Mahmut HERSANLIO\u011eLU, Arnavutk\u00f6y Belediye Ba\u015fkan Yard\u0131mc\u0131s\u0131 G\u00f6khan KURT, Koruncuk Vakf\u0131 M\u00fctevelli Heyeti ve Y\u00f6netim Kurulu Ba\u015fkan\u0131 Av. Dr. Figen SAMURAY, Allianz Grubu Y\u00f6netim Kurulu \u00dcyesi Sirma BOSHNAKOVA, Allianz T\u00fcrkiye \u0130cra Kurulu Ba\u015fkan\u0131 Tolga G\u00dcRKAN, \u0130l\u00e7e Mill\u00ee E\u011fitim \u015eube M\u00fcd\u00fcr\u00fc Sel\u00e7uk ERTU\u011eRUL, Halk E\u011fitim Merkezi M\u00fcd\u00fcr\u00fc Hakan \u00c7\u0130FC\u0130, Koruncuk Vakf\u0131 ve Allianz T\u00fcrkiye\u2019den konuklar kat\u0131ld\u0131.<\/p>\n\n\n\n<blockquote class=\"wp-block-quote is-layout-flow wp-block-quote-is-layout-flow\">\n<p class=\"wp-block-paragraph\"><strong>&#8220;Her \u00c7ocu\u011fun Potansiyelini Ortaya \u00c7\u0131karacak Ko\u015fullar Yarat\u0131yoruz&#8221;<\/strong><\/p>\n<\/blockquote>\n\n\n\n<p class=\"wp-block-paragraph\">T\u00f6renin a\u00e7\u0131l\u0131\u015f konu\u015fmas\u0131n\u0131 ger\u00e7ekle\u015ftiren Koruncuk Vakf\u0131 M\u00fctevelli Heyeti ve Y\u00f6netim Kurulu Ba\u015fkan\u0131 Av. Dr. Figen Samuray, vakf\u0131n \u00e7ocuk odakl\u0131 vizyonunu vurgulad\u0131. Kurulu\u015fundan bu yana \u00e7ocuklar i\u00e7in \u00e7al\u0131\u015fan Vakf\u0131n, 2019 y\u0131l\u0131ndan bu yana e\u011fitime eri\u015fimde zorluk ya\u015fayan k\u0131z \u00e7ocuklar\u0131n\u0131n odak noktas\u0131 haline getirildi\u011fini belirten Samuray, &#8220;Her \u00e7ocu\u011fun bir potansiyeli vard\u0131r ama her \u00e7ocuk o potansiyeli g\u00f6sterebilece\u011fi ko\u015fullara sahip de\u011fildir. Bu nedenle \u00e7ocuklar\u0131m\u0131z\u0131 kabul ederken hi\u00e7bir akademik ba\u015far\u0131 \u015fart\u0131 aram\u0131yoruz&#8221; diyerek e\u011fitim yolculuklar\u0131n\u0131n kesintisiz s\u00fcrd\u00fcr\u00fclmesinin \u00f6nemine dikkat \u00e7ekti. Samuray konu\u015fmas\u0131n\u0131, &#8220;Hayat\u0131n\u0131 kendi kararlar\u0131yla kuran, kendi ayaklar\u0131 \u00fczerinde duran tek bir k\u0131z \u00e7ocu\u011fu bile d\u00fcnyay\u0131 de\u011fi\u015ftirebilecek o b\u00fcy\u00fck g\u00fcc\u00fcn ta kendisidir&#8221; s\u00f6zleriyle noktalad\u0131.<\/p>\n\n\n\n<p class=\"wp-block-paragraph\"><br>Samuray ayr\u0131ca, yurdun tamamlanmas\u0131nda eme\u011fi ge\u00e7en, projeye destek veren t\u00fcm kurumsal ve bireysel ba\u011f\u0131\u015f\u00e7\u0131lara te\u015fekk\u00fcr etti.<\/p>\n\n\n\n<blockquote class=\"wp-block-quote is-layout-flow wp-block-quote-is-layout-flow\">\n<p class=\"has-medium-font-size wp-block-paragraph\"><strong>&#8220;Bu Yat\u0131r\u0131m, Uzun Soluklu Bir Hayat Yolculu\u011funa E\u015flik Etme S\u00f6z\u00fcd\u00fcr&#8221;<\/strong><\/p>\n<\/blockquote>\n\n\n\n<p class=\"wp-block-paragraph\">K\u0131z \u00e7ocuklar\u0131n\u0131n e\u011fitim ve gelecek yolculu\u011funda \u00f6nemli bir payda\u015f olan Allianz T\u00fcrkiye \u0130cra Kurulu Ba\u015fkan\u0131 Tolga G\u00fcrkan ise t\u00f6rende yapt\u0131\u011f\u0131 konu\u015fmada, 6 \u015eubat depremlerinin ard\u0131ndan e\u011fitimden kopma riski ta\u015f\u0131yan k\u0131z \u00e7ocuklar\u0131 i\u00e7in Koruncuk Vakf\u0131 ile yollar\u0131n\u0131 birle\u015ftirdiklerini ifade etti. G\u00fcrkan, bu yat\u0131r\u0131m\u0131n sadece fiziksel bir yap\u0131 olmad\u0131\u011f\u0131n\u0131 vurgulayarak, &#8220;Biz burada asl\u0131nda bir bina in\u015fa etmedik; yurdun kap\u0131s\u0131ndan ba\u015flay\u0131p \u00fcniversite burslar\u0131, mentorluk, staj ve istihdam olanaklar\u0131yla ta\u00e7lanacak uzun soluklu bir hayat yolculu\u011funa e\u015flik etme s\u00f6z\u00fc verdik&#8221; dedi.<\/p>\n\n\n\n<p class=\"wp-block-paragraph\">T\u00f6rende s\u00f6z alan Allianz Grubu Y\u00f6netim Kurulu \u00dcyesi Sirma Boshnakova da a\u00e7\u0131l\u0131\u015f\u0131 yap\u0131lan yurdun bir binadan \u00e7ok daha fazlas\u0131 oldu\u011funa i\u015faret ederek, buran\u0131n k\u0131z \u00e7ocuklar\u0131 i\u00e7in aidiyetin, s\u00fcreklili\u011fin ve f\u0131rsat e\u015fitli\u011finin bir sembol\u00fc oldu\u011funu belirtti. Boshnakova, Koruncuk Vakf\u0131 ile birlikte bu ortak \u00e7aban\u0131n bir par\u00e7as\u0131 olmaktan gurur duyduklar\u0131n\u0131 dile getirdi.<\/p>\n\n\n\n<h2 class=\"wp-block-heading has-medium-font-size\"><strong>B\u00fct\u00fcnsel Bak\u0131m Modeliyle Tasarlanan G\u00fcvenli Ya\u015fam Alan\u0131<\/strong><\/h2>\n\n\n\n<p class=\"wp-block-paragraph\">Koruncukk\u00f6y Bolluca\u2019da yer alan yakla\u015f\u0131k 2 bin 230 metrekarelik yeni yurt binas\u0131, k\u0131z \u00e7ocuklar\u0131n\u0131n sadece bar\u0131nma ihtiyac\u0131n\u0131 de\u011fil; akademik, psikososyal ve sosyok\u00fclt\u00fcrel geli\u015fim ihtiya\u00e7lar\u0131n\u0131 da eksiksiz kar\u015f\u0131layacak bir ekosistem olarak tasarland\u0131. Modern ya\u015fam alanlar\u0131, et\u00fct odalar\u0131, k\u00fct\u00fcphane, yemekhane, dinlenme ve sosyal aktivite b\u00f6l\u00fcmlerinin yer ald\u0131\u011f\u0131 tesiste, uzman kadrolar taraf\u0131ndan k\u0131z \u00e7ocuklar\u0131na d\u00fczenli psikososyal destek, bireysel dan\u0131\u015fmanl\u0131k ve ki\u015fisel geli\u015fim programlar\u0131 sunulacak.<\/p>\n\n\n\n<figure data-wp-context=\"{&quot;galleryId&quot;:&quot;6a94c5e7ae8c8&quot;}\" data-wp-interactive=\"core\/gallery\" class=\"wp-block-gallery has-nested-images columns-5 is-cropped wp-block-gallery-1 is-layout-flex wp-block-gallery-is-layout-flex\">\n<figure data-wp-context=\"{&quot;imageId&quot;:&quot;6a94c5e7af998&quot;}\" data-wp-interactive=\"core\/image\" data-wp-key=\"6a94c5e7af998\" class=\"wp-block-image size-large wp-lightbox-container\"><img fetchpriority=\"high\" decoding=\"async\" width=\"683\" height=\"1024\" data-wp-class--hide=\"state.isContentHidden\" data-wp-class--show=\"state.isContentVisible\" data-wp-init=\"callbacks.setButtonStyles\" data-wp-on--click=\"actions.showLightbox\" data-wp-on--load=\"callbacks.setButtonStyles\" data-wp-on--pointerdown=\"actions.preloadImage\" data-wp-on--pointerenter=\"actions.preloadImageWithDelay\" data-wp-on--pointerleave=\"actions.cancelPreload\" data-wp-on-window--resize=\"callbacks.setButtonStyles\" data-id=\"7024\" src=\"https:\/\/koruncuk.org\/wp-content\/uploads\/2026\/06\/koruncuk-vakfi-olagan-mutevelliler-kurulu-2026-1-683x1024.jpg\" alt=\", Koruncuk Vakf\u0131 M\u00fctevelli Heyeti ve Y\u00f6netim Kurulu Ba\u015fkan\u0131 Av. Dr. Figen SAMURAY\" class=\"wp-image-7024\" srcset=\"https:\/\/koruncuk.org\/wp-content\/uploads\/2026\/06\/koruncuk-vakfi-olagan-mutevelliler-kurulu-2026-1-683x1024.jpg 683w, https:\/\/koruncuk.org\/wp-content\/uploads\/2026\/06\/koruncuk-vakfi-olagan-mutevelliler-kurulu-2026-1-8x12.jpg 8w, https:\/\/koruncuk.org\/wp-content\/uploads\/2026\/06\/koruncuk-vakfi-olagan-mutevelliler-kurulu-2026-1-600x900.jpg 600w, https:\/\/koruncuk.org\/wp-content\/uploads\/2026\/06\/koruncuk-vakfi-olagan-mutevelliler-kurulu-2026-1.jpg 700w\" sizes=\"(max-width: 683px) 100vw, 683px\" \/><button\n\t\t\tclass=\"lightbox-trigger\"\n\t\t\ttype=\"button\"\n\t\t\taria-haspopup=\"dialog\"\n\t\t\tdata-wp-bind--aria-label=\"state.thisImage.triggerButtonAriaLabel\"\n\t\t\tdata-wp-init=\"callbacks.initTriggerButton\"\n\t\t\tdata-wp-on--click=\"actions.showLightbox\"\n\t\t\tdata-wp-style--right=\"state.thisImage.buttonRight\"\n\t\t\tdata-wp-style--top=\"state.thisImage.buttonTop\"\n\t\t>\n\t\t\t<svg xmlns=\"http:\/\/www.w3.org\/2000\/svg\" width=\"12\" height=\"12\" fill=\"none\" viewbox=\"0 0 12 12\">\n\t\t\t\t<path fill=\"#fff\" d=\"M2 0a2 2 0 0 0-2 2v2h1.5V2a.5.5 0 0 1 .5-.5h2V0H2Zm2 10.5H2a.5.5 0 0 1-.5-.5V8H0v2a2 2 0 0 0 2 2h2v-1.5ZM8 12v-1.5h2a.5.5 0 0 0 .5-.5V8H12v2a2 2 0 0 1-2 2H8Zm2-12a2 2 0 0 1 2 2v2h-1.5V2a.5.5 0 0 0-.5-.5H8V0h2Z\" \/>\n\t\t\t<\/svg>\n\t\t<\/button><\/figure>\n\n\n\n<figure data-wp-context=\"{&quot;imageId&quot;:&quot;6a94c5e7b02b7&quot;}\" data-wp-interactive=\"core\/image\" data-wp-key=\"6a94c5e7b02b7\" class=\"wp-block-image size-large wp-lightbox-container\"><img decoding=\"async\" width=\"683\" height=\"1024\" data-wp-class--hide=\"state.isContentHidden\" data-wp-class--show=\"state.isContentVisible\" data-wp-init=\"callbacks.setButtonStyles\" data-wp-on--click=\"actions.showLightbox\" data-wp-on--load=\"callbacks.setButtonStyles\" data-wp-on--pointerdown=\"actions.preloadImage\" data-wp-on--pointerenter=\"actions.preloadImageWithDelay\" data-wp-on--pointerleave=\"actions.cancelPreload\" data-wp-on-window--resize=\"callbacks.setButtonStyles\" data-id=\"7025\" src=\"https:\/\/koruncuk.org\/wp-content\/uploads\/2026\/06\/koruncuk-vakfi-olagan-mutevelliler-kurulu-2026-2-683x1024.jpg\" alt=\"Koruncuk Vakf\u0131 ve Allianz \u0130\u015f Birli\u011fiyle Hayata Ge\u00e7en Yeni Yurt Binas\u0131'n\u0131n A\u00e7\u0131l\u0131\u015f\u0131 Ger\u00e7ekle\u015fti\" class=\"wp-image-7025\" srcset=\"https:\/\/koruncuk.org\/wp-content\/uploads\/2026\/06\/koruncuk-vakfi-olagan-mutevelliler-kurulu-2026-2-683x1024.jpg 683w, https:\/\/koruncuk.org\/wp-content\/uploads\/2026\/06\/koruncuk-vakfi-olagan-mutevelliler-kurulu-2026-2-8x12.jpg 8w, https:\/\/koruncuk.org\/wp-content\/uploads\/2026\/06\/koruncuk-vakfi-olagan-mutevelliler-kurulu-2026-2-600x900.jpg 600w, https:\/\/koruncuk.org\/wp-content\/uploads\/2026\/06\/koruncuk-vakfi-olagan-mutevelliler-kurulu-2026-2.jpg 700w\" sizes=\"(max-width: 683px) 100vw, 683px\" \/><button\n\t\t\tclass=\"lightbox-trigger\"\n\t\t\ttype=\"button\"\n\t\t\taria-haspopup=\"dialog\"\n\t\t\tdata-wp-bind--aria-label=\"state.thisImage.triggerButtonAriaLabel\"\n\t\t\tdata-wp-init=\"callbacks.initTriggerButton\"\n\t\t\tdata-wp-on--click=\"actions.showLightbox\"\n\t\t\tdata-wp-style--right=\"state.thisImage.buttonRight\"\n\t\t\tdata-wp-style--top=\"state.thisImage.buttonTop\"\n\t\t>\n\t\t\t<svg xmlns=\"http:\/\/www.w3.org\/2000\/svg\" width=\"12\" height=\"12\" fill=\"none\" viewbox=\"0 0 12 12\">\n\t\t\t\t<path fill=\"#fff\" d=\"M2 0a2 2 0 0 0-2 2v2h1.5V2a.5.5 0 0 1 .5-.5h2V0H2Zm2 10.5H2a.5.5 0 0 1-.5-.5V8H0v2a2 2 0 0 0 2 2h2v-1.5ZM8 12v-1.5h2a.5.5 0 0 0 .5-.5V8H12v2a2 2 0 0 1-2 2H8Zm2-12a2 2 0 0 1 2 2v2h-1.5V2a.5.5 0 0 0-.5-.5H8V0h2Z\" \/>\n\t\t\t<\/svg>\n\t\t<\/button><\/figure>\n\n\n\n<figure data-wp-context=\"{&quot;imageId&quot;:&quot;6a94c5e7b0b20&quot;}\" data-wp-interactive=\"core\/image\" data-wp-key=\"6a94c5e7b0b20\" class=\"wp-block-image size-large wp-lightbox-container\"><img decoding=\"async\" width=\"683\" height=\"1024\" data-wp-class--hide=\"state.isContentHidden\" data-wp-class--show=\"state.isContentVisible\" data-wp-init=\"callbacks.setButtonStyles\" data-wp-on--click=\"actions.showLightbox\" data-wp-on--load=\"callbacks.setButtonStyles\" data-wp-on--pointerdown=\"actions.preloadImage\" data-wp-on--pointerenter=\"actions.preloadImageWithDelay\" data-wp-on--pointerleave=\"actions.cancelPreload\" data-wp-on-window--resize=\"callbacks.setButtonStyles\" data-id=\"7026\" src=\"https:\/\/koruncuk.org\/wp-content\/uploads\/2026\/06\/koruncuk-vakfi-olagan-mutevelliler-kurulu-2026-3-683x1024.jpg\" alt=\"Koruncuk Vakf\u0131 ve Allianz \u0130\u015f Birli\u011fiyle Hayata Ge\u00e7en Yeni Yurt Binas\u0131'n\u0131n A\u00e7\u0131l\u0131\u015f\u0131 Ger\u00e7ekle\u015fti\" class=\"wp-image-7026\" srcset=\"https:\/\/koruncuk.org\/wp-content\/uploads\/2026\/06\/koruncuk-vakfi-olagan-mutevelliler-kurulu-2026-3-683x1024.jpg 683w, https:\/\/koruncuk.org\/wp-content\/uploads\/2026\/06\/koruncuk-vakfi-olagan-mutevelliler-kurulu-2026-3-8x12.jpg 8w, https:\/\/koruncuk.org\/wp-content\/uploads\/2026\/06\/koruncuk-vakfi-olagan-mutevelliler-kurulu-2026-3-600x900.jpg 600w, https:\/\/koruncuk.org\/wp-content\/uploads\/2026\/06\/koruncuk-vakfi-olagan-mutevelliler-kurulu-2026-3.jpg 700w\" sizes=\"(max-width: 683px) 100vw, 683px\" \/><button\n\t\t\tclass=\"lightbox-trigger\"\n\t\t\ttype=\"button\"\n\t\t\taria-haspopup=\"dialog\"\n\t\t\tdata-wp-bind--aria-label=\"state.thisImage.triggerButtonAriaLabel\"\n\t\t\tdata-wp-init=\"callbacks.initTriggerButton\"\n\t\t\tdata-wp-on--click=\"actions.showLightbox\"\n\t\t\tdata-wp-style--right=\"state.thisImage.buttonRight\"\n\t\t\tdata-wp-style--top=\"state.thisImage.buttonTop\"\n\t\t>\n\t\t\t<svg xmlns=\"http:\/\/www.w3.org\/2000\/svg\" width=\"12\" height=\"12\" fill=\"none\" viewbox=\"0 0 12 12\">\n\t\t\t\t<path fill=\"#fff\" d=\"M2 0a2 2 0 0 0-2 2v2h1.5V2a.5.5 0 0 1 .5-.5h2V0H2Zm2 10.5H2a.5.5 0 0 1-.5-.5V8H0v2a2 2 0 0 0 2 2h2v-1.5ZM8 12v-1.5h2a.5.5 0 0 0 .5-.5V8H12v2a2 2 0 0 1-2 2H8Zm2-12a2 2 0 0 1 2 2v2h-1.5V2a.5.5 0 0 0-.5-.5H8V0h2Z\" \/>\n\t\t\t<\/svg>\n\t\t<\/button><\/figure>\n\n\n\n<figure data-wp-context=\"{&quot;imageId&quot;:&quot;6a94c5e7b13b0&quot;}\" data-wp-interactive=\"core\/image\" data-wp-key=\"6a94c5e7b13b0\" class=\"wp-block-image size-large wp-lightbox-container\"><img loading=\"lazy\" decoding=\"async\" width=\"683\" height=\"1024\" data-wp-class--hide=\"state.isContentHidden\" data-wp-class--show=\"state.isContentVisible\" data-wp-init=\"callbacks.setButtonStyles\" data-wp-on--click=\"actions.showLightbox\" data-wp-on--load=\"callbacks.setButtonStyles\" data-wp-on--pointerdown=\"actions.preloadImage\" data-wp-on--pointerenter=\"actions.preloadImageWithDelay\" data-wp-on--pointerleave=\"actions.cancelPreload\" data-wp-on-window--resize=\"callbacks.setButtonStyles\" data-id=\"7027\" src=\"https:\/\/koruncuk.org\/wp-content\/uploads\/2026\/06\/koruncuk-vakfi-olagan-mutevelliler-kurulu-2026-4-683x1024.jpg\" alt=\"Allianz Grubu Y\u00f6netim Kurulu \u00dcyesi Sirma BOSHNAKOVA\" class=\"wp-image-7027\" srcset=\"https:\/\/koruncuk.org\/wp-content\/uploads\/2026\/06\/koruncuk-vakfi-olagan-mutevelliler-kurulu-2026-4-683x1024.jpg 683w, https:\/\/koruncuk.org\/wp-content\/uploads\/2026\/06\/koruncuk-vakfi-olagan-mutevelliler-kurulu-2026-4-8x12.jpg 8w, https:\/\/koruncuk.org\/wp-content\/uploads\/2026\/06\/koruncuk-vakfi-olagan-mutevelliler-kurulu-2026-4-600x900.jpg 600w, https:\/\/koruncuk.org\/wp-content\/uploads\/2026\/06\/koruncuk-vakfi-olagan-mutevelliler-kurulu-2026-4.jpg 700w\" sizes=\"(max-width: 683px) 100vw, 683px\" \/><button\n\t\t\tclass=\"lightbox-trigger\"\n\t\t\ttype=\"button\"\n\t\t\taria-haspopup=\"dialog\"\n\t\t\tdata-wp-bind--aria-label=\"state.thisImage.triggerButtonAriaLabel\"\n\t\t\tdata-wp-init=\"callbacks.initTriggerButton\"\n\t\t\tdata-wp-on--click=\"actions.showLightbox\"\n\t\t\tdata-wp-style--right=\"state.thisImage.buttonRight\"\n\t\t\tdata-wp-style--top=\"state.thisImage.buttonTop\"\n\t\t>\n\t\t\t<svg xmlns=\"http:\/\/www.w3.org\/2000\/svg\" width=\"12\" height=\"12\" fill=\"none\" viewbox=\"0 0 12 12\">\n\t\t\t\t<path fill=\"#fff\" d=\"M2 0a2 2 0 0 0-2 2v2h1.5V2a.5.5 0 0 1 .5-.5h2V0H2Zm2 10.5H2a.5.5 0 0 1-.5-.5V8H0v2a2 2 0 0 0 2 2h2v-1.5ZM8 12v-1.5h2a.5.5 0 0 0 .5-.5V8H12v2a2 2 0 0 1-2 2H8Zm2-12a2 2 0 0 1 2 2v2h-1.5V2a.5.5 0 0 0-.5-.5H8V0h2Z\" \/>\n\t\t\t<\/svg>\n\t\t<\/button><\/figure>\n\n\n\n<figure data-wp-context=\"{&quot;imageId&quot;:&quot;6a94c5e7b1c30&quot;}\" data-wp-interactive=\"core\/image\" data-wp-key=\"6a94c5e7b1c30\" class=\"wp-block-image size-large wp-lightbox-container\"><img loading=\"lazy\" decoding=\"async\" width=\"683\" height=\"1024\" data-wp-class--hide=\"state.isContentHidden\" data-wp-class--show=\"state.isContentVisible\" data-wp-init=\"callbacks.setButtonStyles\" data-wp-on--click=\"actions.showLightbox\" data-wp-on--load=\"callbacks.setButtonStyles\" data-wp-on--pointerdown=\"actions.preloadImage\" data-wp-on--pointerenter=\"actions.preloadImageWithDelay\" data-wp-on--pointerleave=\"actions.cancelPreload\" data-wp-on-window--resize=\"callbacks.setButtonStyles\" data-id=\"7028\" src=\"https:\/\/koruncuk.org\/wp-content\/uploads\/2026\/06\/koruncuk-vakfi-olagan-mutevelliler-kurulu-2026-5-683x1024.jpg\" alt=\"Allianz T\u00fcrkiye \u0130cra Kurulu Ba\u015fkan\u0131 Tolga G\u00dcRKAN\" class=\"wp-image-7028\" srcset=\"https:\/\/koruncuk.org\/wp-content\/uploads\/2026\/06\/koruncuk-vakfi-olagan-mutevelliler-kurulu-2026-5-683x1024.jpg 683w, https:\/\/koruncuk.org\/wp-content\/uploads\/2026\/06\/koruncuk-vakfi-olagan-mutevelliler-kurulu-2026-5-8x12.jpg 8w, https:\/\/koruncuk.org\/wp-content\/uploads\/2026\/06\/koruncuk-vakfi-olagan-mutevelliler-kurulu-2026-5-600x900.jpg 600w, https:\/\/koruncuk.org\/wp-content\/uploads\/2026\/06\/koruncuk-vakfi-olagan-mutevelliler-kurulu-2026-5.jpg 700w\" sizes=\"(max-width: 683px) 100vw, 683px\" \/><button\n\t\t\tclass=\"lightbox-trigger\"\n\t\t\ttype=\"button\"\n\t\t\taria-haspopup=\"dialog\"\n\t\t\tdata-wp-bind--aria-label=\"state.thisImage.triggerButtonAriaLabel\"\n\t\t\tdata-wp-init=\"callbacks.initTriggerButton\"\n\t\t\tdata-wp-on--click=\"actions.showLightbox\"\n\t\t\tdata-wp-style--right=\"state.thisImage.buttonRight\"\n\t\t\tdata-wp-style--top=\"state.thisImage.buttonTop\"\n\t\t>\n\t\t\t<svg xmlns=\"http:\/\/www.w3.org\/2000\/svg\" width=\"12\" height=\"12\" fill=\"none\" viewbox=\"0 0 12 12\">\n\t\t\t\t<path fill=\"#fff\" d=\"M2 0a2 2 0 0 0-2 2v2h1.5V2a.5.5 0 0 1 .5-.5h2V0H2Zm2 10.5H2a.5.5 0 0 1-.5-.5V8H0v2a2 2 0 0 0 2 2h2v-1.5ZM8 12v-1.5h2a.5.5 0 0 0 .5-.5V8H12v2a2 2 0 0 1-2 2H8Zm2-12a2 2 0 0 1 2 2v2h-1.5V2a.5.5 0 0 0-.5-.5H8V0h2Z\" \/>\n\t\t\t<\/svg>\n\t\t<\/button><\/figure>\n<\/figure>\n\n\n\n<hr class=\"wp-block-separator has-alpha-channel-opacity is-style-dots\"\/>","protected":false},"excerpt":{"rendered":"<p>Koruncuk Vakf\u0131&#8217;n\u0131n, e\u011fitim eri\u015fimi risk alt\u0131ndaki k\u0131z \u00e7ocuklar\u0131na kal\u0131c\u0131 ve g\u00fcvenli bir yuva sa\u011flamak amac\u0131yla Allianz T\u00fcrkiye i\u015f birli\u011fiyle ba\u015flatt\u0131\u011f\u0131 &#8220;Bir K\u0131z Gelecek&#8221; program\u0131nda tarihi bir ad\u0131ma imza at\u0131ld\u0131. Yap\u0131m\u0131 13 ay gibi k\u0131sa bir s\u00fcrede tamamlanan yeni k\u0131z \u00f6\u011frenci yurdu binas\u0131, 9 Haziran 2026 tarihinde Koruncukk\u00f6y Bolluca\u2019da d\u00fczenlenen t\u00f6renle a\u00e7\u0131ld\u0131. T\u00f6rene; Arnavutk\u00f6y Kaymakam\u0131 Mahmut [&hellip;]<\/p>\n","protected":false},"author":1,"featured_media":7023,"comment_status":"closed","ping_status":"closed","sticky":false,"template":"","format":"standard","meta":{"footnotes":""},"categories":[1,46],"tags":[],"class_list":["post-6966","post","type-post","status-publish","format-standard","has-post-thumbnail","hentry","category-bizden-haberler","category-mansetler"],"_links":{"self":[{"href":"https:\/\/koruncuk.org\/en\/wp-json\/wp\/v2\/posts\/6966","targetHints":{"allow":["GET"]}}],"collection":[{"href":"https:\/\/koruncuk.org\/en\/wp-json\/wp\/v2\/posts"}],"about":[{"href":"https:\/\/koruncuk.org\/en\/wp-json\/wp\/v2\/types\/post"}],"author":[{"embeddable":true,"href":"https:\/\/koruncuk.org\/en\/wp-json\/wp\/v2\/users\/1"}],"replies":[{"embeddable":true,"href":"https:\/\/koruncuk.org\/en\/wp-json\/wp\/v2\/comments?post=6966"}],"version-history":[{"count":6,"href":"https:\/\/koruncuk.org\/en\/wp-json\/wp\/v2\/posts\/6966\/revisions"}],"predecessor-version":[{"id":7034,"href":"https:\/\/koruncuk.org\/en\/wp-json\/wp\/v2\/posts\/6966\/revisions\/7034"}],"wp:featuredmedia":[{"embeddable":true,"href":"https:\/\/koruncuk.org\/en\/wp-json\/wp\/v2\/media\/7023"}],"wp:attachment":[{"href":"https:\/\/koruncuk.org\/en\/wp-json\/wp\/v2\/media?parent=6966"}],"wp:term":[{"taxonomy":"category","embeddable":true,"href":"https:\/\/koruncuk.org\/en\/wp-json\/wp\/v2\/categories?post=6966"},{"taxonomy":"post_tag","embeddable":true,"href":"https:\/\/koruncuk.org\/en\/wp-json\/wp\/v2\/tags?post=6966"}],"curies":[{"name":"wp","href":"https:\/\/api.w.org\/{rel}","templated":true}]}}