{"id":7365,"date":"2026-08-21T14:05:35","date_gmt":"2026-08-21T11:05:35","guid":{"rendered":"https:\/\/koruncuk.org\/?p=7365"},"modified":"2026-08-28T17:58:17","modified_gmt":"2026-08-28T14:58:17","slug":"hatayda-cocuklar-ve-aileler-icin-yerel-is-birligini-guclendirdik","status":"publish","type":"post","link":"https:\/\/koruncuk.org\/en\/hatayda-cocuklar-ve-aileler-icin-yerel-is-birligini-guclendirdik\/","title":{"rendered":"Hatay\u2019da \u00c7ocuklar ve Aileler \u0130\u00e7in Yerel \u0130\u015f Birli\u011fini G\u00fc\u00e7lendirdik"},"content":{"rendered":"<p class=\"wp-block-paragraph\">Avrupa Komisyonu taraf\u0131ndan do\u011frudan desteklenen, IPA III\/2023\/449-256 s\u00f6zle\u015fme numaral\u0131 \u201c\u00c7ocuklar \u0130\u00e7in \u0130\u015f Birli\u011fi A\u011f\u0131\u201d Projesi kapsam\u0131nda planlad\u0131\u011f\u0131m\u0131z Yuvarlak Masa Toplant\u0131lar\u0131n\u0131n ilkini, 2 Temmuz 2026 tarihinde Buraday\u0131z Hatay Derne\u011fi\u2019nin Defne\u2019deki merkezinde ger\u00e7ekle\u015ftirdik.<\/p>\n\n\n\n<p class=\"wp-block-paragraph\">Koruncuk Vakf\u0131 koordinasyonunda d\u00fczenlenen toplant\u0131da, Hatay\u2019da \u00e7ocuklar ve aileler alan\u0131nda \u00e7al\u0131\u015fan 10 kurumdan 16 kat\u0131l\u0131mc\u0131y\u0131 bir araya getirdik. E\u011fitimden psikososyal deste\u011fe, \u00e7ocuk korumadan spora ve sosyal yard\u0131ma uzanan farkl\u0131 \u00e7al\u0131\u015fma alanlar\u0131na sahip kurumlarla b\u00f6lgedeki g\u00fcncel ihtiya\u00e7lar\u0131, mevcut hizmetleri ve olas\u0131 i\u015f birli\u011fi alanlar\u0131n\u0131 birlikte de\u011ferlendirdik.<\/p>\n\n\n<div class=\"wp-block-image\">\n<figure class=\"aligncenter size-large\"><img fetchpriority=\"high\" decoding=\"async\" width=\"768\" height=\"1024\" src=\"https:\/\/koruncuk.org\/wp-content\/uploads\/2026\/08\/hatayda-cocuklar-ve-aileler-icin-yerel-is-birligi-gucleniyor-2-768x1024.webp\" alt=\"Koruncuk Vakf\u0131 olarak 2 Temmuz 2026 tarihinde Hatay\u2019da d\u00fczenledi\u011fimiz Yuvarlak Masa Toplant\u0131s\u0131\u2019nda, \u00e7ocuklar ve aileler alan\u0131nda \u00e7al\u0131\u015fan 10 kurumdan 16 kat\u0131l\u0131mc\u0131yla bir araya geldik.\" class=\"wp-image-7368\" srcset=\"https:\/\/koruncuk.org\/wp-content\/uploads\/2026\/08\/hatayda-cocuklar-ve-aileler-icin-yerel-is-birligi-gucleniyor-2-768x1024.webp 768w, https:\/\/koruncuk.org\/wp-content\/uploads\/2026\/08\/hatayda-cocuklar-ve-aileler-icin-yerel-is-birligi-gucleniyor-2-9x12.webp 9w, https:\/\/koruncuk.org\/wp-content\/uploads\/2026\/08\/hatayda-cocuklar-ve-aileler-icin-yerel-is-birligi-gucleniyor-2-600x800.webp 600w, https:\/\/koruncuk.org\/wp-content\/uploads\/2026\/08\/hatayda-cocuklar-ve-aileler-icin-yerel-is-birligi-gucleniyor-2.webp 1200w\" sizes=\"(max-width: 768px) 100vw, 768px\" \/><\/figure>\n<\/div>\n\n\n<p class=\"wp-block-paragraph\">G\u00f6r\u00fc\u015fmelerde, afet sonras\u0131nda \u00e7ocuklar\u0131n ve ailelerin ihtiya\u00e7lar\u0131n\u0131n e\u011fitim, ula\u015f\u0131m, bar\u0131nma, mahremiyet, psikososyal iyi olu\u015f ve ekonomik ko\u015fullar gibi birbiriyle ba\u011flant\u0131l\u0131 alanlarda de\u011fi\u015fmeye devam etti\u011fi vurguland\u0131. Bu ihtiya\u00e7lara daha etkili yan\u0131t verebilmek i\u00e7in kurumlar aras\u0131nda d\u00fczenli ileti\u015fim, do\u011fru y\u00f6nlendirme ve takip mekanizmalar\u0131n\u0131n g\u00fc\u00e7lendirilmesi gerekti\u011fine dikkat \u00e7ekildi.<\/p>\n\n\n\n<p class=\"wp-block-paragraph\">Toplant\u0131 kapsam\u0131nda ger\u00e7ekle\u015ftirilen vaka \u00e7al\u0131\u015fmalar\u0131, bir ailenin farkl\u0131 ihtiya\u00e7lar\u0131n\u0131n farkl\u0131 kurumlar\u0131n uzmanl\u0131klar\u0131yla birlikte ele al\u0131nmas\u0131n\u0131n \u00f6nemini ortaya koydu. Bu do\u011frultuda, mevcut hizmetleri g\u00f6r\u00fcn\u00fcr k\u0131lacak bir hizmet haritas\u0131n\u0131n geli\u015ftirilmesi ve y\u00f6nlendirme sonras\u0131nda s\u00fcrecin izlenmesini sa\u011flayacak g\u00fcvenli bir koordinasyon yap\u0131s\u0131n\u0131n olu\u015fturulmas\u0131 \u00f6nerildi.<\/p>\n\n\n<div class=\"wp-block-image\">\n<figure class=\"aligncenter size-large\"><img decoding=\"async\" width=\"768\" height=\"1024\" src=\"https:\/\/koruncuk.org\/wp-content\/uploads\/2026\/08\/hatayda-cocuklar-ve-aileler-icin-yerel-is-birligi-gucleniyor-3-768x1024.webp\" alt=\"Koruncuk Vakf\u0131 olarak \u00e7ocuklar\u0131n ve ailelerin ihtiya\u00e7 duyduklar\u0131 deste\u011fe daha etkin bi\u00e7imde ula\u015fabilmeleri i\u00e7in i\u015f birli\u011fini b\u00fcy\u00fctmeye devam edece\u011fiz.\" class=\"wp-image-7369\" srcset=\"https:\/\/koruncuk.org\/wp-content\/uploads\/2026\/08\/hatayda-cocuklar-ve-aileler-icin-yerel-is-birligi-gucleniyor-3-768x1024.webp 768w, https:\/\/koruncuk.org\/wp-content\/uploads\/2026\/08\/hatayda-cocuklar-ve-aileler-icin-yerel-is-birligi-gucleniyor-3-9x12.webp 9w, https:\/\/koruncuk.org\/wp-content\/uploads\/2026\/08\/hatayda-cocuklar-ve-aileler-icin-yerel-is-birligi-gucleniyor-3-600x800.webp 600w, https:\/\/koruncuk.org\/wp-content\/uploads\/2026\/08\/hatayda-cocuklar-ve-aileler-icin-yerel-is-birligi-gucleniyor-3.webp 1200w\" sizes=\"(max-width: 768px) 100vw, 768px\" \/><\/figure>\n<\/div>\n\n\n<p class=\"wp-block-paragraph\">Toplant\u0131n\u0131n \u00e7\u0131kt\u0131lar\u0131, \u00e7ocuklar ve aileler i\u00e7in daha eri\u015filebilir, b\u00fct\u00fcnc\u00fcl ve s\u00fcrd\u00fcr\u00fclebilir bir destek a\u011f\u0131 olu\u015fturman\u0131n; kurumlar\u0131n birbirini tan\u0131mas\u0131, do\u011fru zamanda ileti\u015fim kurmas\u0131 ve uzmanl\u0131klar\u0131n\u0131 birbirini tamamlayacak \u015fekilde kullanmas\u0131yla m\u00fcmk\u00fcn oldu\u011funu bir kez daha g\u00f6sterdi.<\/p>\n\n\n\n<p class=\"wp-block-paragraph\">Koruncuk Vakf\u0131 olarak toplant\u0131ya bilgi, deneyim ve g\u00f6r\u00fc\u015fleriyle katk\u0131 sunan t\u00fcm kurumlara ve kat\u0131l\u0131mc\u0131lara te\u015fekk\u00fcr ediyor; \u00c7ocuklar \u0130\u00e7in \u0130\u015f Birli\u011fi A\u011f\u0131 kapsam\u0131nda kurumlar aras\u0131 ileti\u015fimi ve yerel i\u015f birliklerini g\u00fc\u00e7lendirmeye devam ediyoruz.<\/p>\n\n\n\n<hr class=\"wp-block-separator has-alpha-channel-opacity is-style-dots\"\/>\n\n\n\n<p class=\"wp-block-paragraph\">Proje hakk\u0131nda detayl\u0131 bilgiye <a href=\"https:\/\/koruncuk.org\/en\/projelerimiz\/cocuklar-icin-is-birligi-agi\/#tarih-02072026\" data-type=\"link\" data-id=\"https:\/\/koruncuk.org\/projelerimiz\/cocuklar-icin-is-birligi-agi\/#tarih-02072026\">\u00c7ocuklar \u0130\u00e7in \u0130\u015f Birli\u011fi A\u011f\u0131<\/a> sayfas\u0131ndan ula\u015fabilirsiniz.<\/p>","protected":false},"excerpt":{"rendered":"<p>Avrupa Komisyonu taraf\u0131ndan do\u011frudan desteklenen, IPA III\/2023\/449-256 s\u00f6zle\u015fme numaral\u0131 \u201c\u00c7ocuklar \u0130\u00e7in \u0130\u015f Birli\u011fi A\u011f\u0131\u201d Projesi kapsam\u0131nda planlad\u0131\u011f\u0131m\u0131z Yuvarlak Masa Toplant\u0131lar\u0131n\u0131n ilkini, 2 Temmuz 2026 tarihinde Buraday\u0131z Hatay Derne\u011fi\u2019nin Defne\u2019deki merkezinde ger\u00e7ekle\u015ftirdik. Koruncuk Vakf\u0131 koordinasyonunda d\u00fczenlenen toplant\u0131da, Hatay\u2019da \u00e7ocuklar ve aileler alan\u0131nda \u00e7al\u0131\u015fan 10 kurumdan 16 kat\u0131l\u0131mc\u0131y\u0131 bir araya getirdik. E\u011fitimden psikososyal deste\u011fe, \u00e7ocuk korumadan spora [&hellip;]<\/p>\n","protected":false},"author":1,"featured_media":7366,"comment_status":"closed","ping_status":"closed","sticky":false,"template":"","format":"standard","meta":{"footnotes":""},"categories":[1,46],"tags":[],"class_list":["post-7365","post","type-post","status-publish","format-standard","has-post-thumbnail","hentry","category-bizden-haberler","category-mansetler"],"_links":{"self":[{"href":"https:\/\/koruncuk.org\/en\/wp-json\/wp\/v2\/posts\/7365","targetHints":{"allow":["GET"]}}],"collection":[{"href":"https:\/\/koruncuk.org\/en\/wp-json\/wp\/v2\/posts"}],"about":[{"href":"https:\/\/koruncuk.org\/en\/wp-json\/wp\/v2\/types\/post"}],"author":[{"embeddable":true,"href":"https:\/\/koruncuk.org\/en\/wp-json\/wp\/v2\/users\/1"}],"replies":[{"embeddable":true,"href":"https:\/\/koruncuk.org\/en\/wp-json\/wp\/v2\/comments?post=7365"}],"version-history":[{"count":4,"href":"https:\/\/koruncuk.org\/en\/wp-json\/wp\/v2\/posts\/7365\/revisions"}],"predecessor-version":[{"id":7416,"href":"https:\/\/koruncuk.org\/en\/wp-json\/wp\/v2\/posts\/7365\/revisions\/7416"}],"wp:featuredmedia":[{"embeddable":true,"href":"https:\/\/koruncuk.org\/en\/wp-json\/wp\/v2\/media\/7366"}],"wp:attachment":[{"href":"https:\/\/koruncuk.org\/en\/wp-json\/wp\/v2\/media?parent=7365"}],"wp:term":[{"taxonomy":"category","embeddable":true,"href":"https:\/\/koruncuk.org\/en\/wp-json\/wp\/v2\/categories?post=7365"},{"taxonomy":"post_tag","embeddable":true,"href":"https:\/\/koruncuk.org\/en\/wp-json\/wp\/v2\/tags?post=7365"}],"curies":[{"name":"wp","href":"https:\/\/api.w.org\/{rel}","templated":true}]}}